{"id":576,"date":"2022-05-06T12:13:31","date_gmt":"2022-05-06T10:13:31","guid":{"rendered":"https:\/\/frax.no\/site\/?p=576"},"modified":"2022-05-06T12:19:35","modified_gmt":"2022-05-06T10:19:35","slug":"endringer-i-tjenester-og-ytelser-nar-en-person-med-sjelden-diagnose-fyller-18-ar","status":"publish","type":"post","link":"https:\/\/frax.no\/site\/?p=576","title":{"rendered":"Endringer i tjenester og ytelser n\u00e5r en person med sjelden diagnose fyller 18 \u00e5r"},"content":{"rendered":"\n<figure class=\"wp-block-embed is-type-rich is-provider-soundcloud wp-block-embed-soundcloud\"><div class=\"wp-block-embed__wrapper\">\n<iframe loading=\"lazy\" title=\"Endringer i tjenester og ytelser n\u00e5r personer med en sjelden diagnose fyller 18 \u00e5r by Frambupodkasten\" width=\"1140\" height=\"400\" scrolling=\"no\" frameborder=\"no\" src=\"https:\/\/w.soundcloud.com\/player\/?visual=true&#038;url=https%3A%2F%2Fapi.soundcloud.com%2Ftracks%2F434951340&#038;show_artwork=true&#038;maxheight=1000&#038;maxwidth=1140\"><\/iframe>\n<\/div><\/figure>\n\n\n\n<pre class=\"wp-block-preformatted\"><\/pre>\n\n\n\n<figure class=\"wp-block-table alignleft is-style-regular\"><table><tbody><tr><td class=\"has-text-align-left\" data-align=\"left\"><strong>Tjeneste<\/strong><\/td><td class=\"has-text-align-left\" data-align=\"left\"><strong>Ytelse etter fylte 18 \u00e5r<\/strong><\/td><\/tr><tr><td class=\"has-text-align-left\" data-align=\"left\">&nbsp; <strong>NAV<\/strong><\/td><td class=\"has-text-align-left\" data-align=\"left\">&nbsp;<\/td><\/tr><tr><td class=\"has-text-align-left\" data-align=\"left\">&nbsp; Grunnst\u00f8nad<\/td><td class=\"has-text-align-left\" data-align=\"left\">Kan opprettholdes etter 18 \u00e5r, b\u00e5de hvis ungdommen bor i foreldrehjemmet eller i eget hjem.<\/td><\/tr><tr><td class=\"has-text-align-left\" data-align=\"left\">&nbsp; Hjelpest\u00f8nad &nbsp;<\/td><td class=\"has-text-align-left\" data-align=\"left\">Sats 1 kan opprettholdes hvis personen mottar privat omsorg f.eks. i foreldrehjemmet. Kan s\u00f8ke om \u00e5 opprettholde sats 1 hvis den private omsorgen er vesentlig og n\u00f8dvendig.<\/td><\/tr><tr><td class=\"has-text-align-left\" data-align=\"left\">&nbsp; Forh\u00f8yet hjelpest\u00f8nad &nbsp;<\/td><td class=\"has-text-align-left\" data-align=\"left\">Opph\u00f8rer ( sats 2,3 og 4) &nbsp; &nbsp;<\/td><\/tr><tr><td class=\"has-text-align-left\" data-align=\"left\">&nbsp; Godskriving av pensjonspoeng for omsorgsarbeid<\/td><td class=\"has-text-align-left\" data-align=\"left\">Kan opprettholdes etter fylte 18 \u00e5r, men m\u00e5 s\u00f8kes om hvert \u00e5r. Omsorgen m\u00e5 utgj\u00f8r mer en 22t i uken og varer i mer enn 6 mnd i \u00e5ret. Har barnet forh\u00f8yet hjelpest\u00f8nad sats 3 og 4 blir dette automatisk godskrevet<\/td><\/tr><tr><td class=\"has-text-align-left\" data-align=\"left\">&nbsp; Omsorgspenger &nbsp;<\/td><td class=\"has-text-align-left\" data-align=\"left\">Opph\u00f8rer Selv om ungdommen bor hjemme og ikke kan ta vare p\u00e5 seg selv ved sykdkom<\/td><\/tr><tr><td class=\"has-text-align-left\" data-align=\"left\">&nbsp; Pleiepenger<\/td><td class=\"has-text-align-left\" data-align=\"left\">Opph\u00f8rer n\u00e5r ungdommen fyller 18 \u00e5r, unntak for foresatte med ungdommer med utviklingshemning hvis denne ungdommen f\u00e5r en alvorlig sykdom med behov for kontinuerlig tilsyn og pleie \u2013 da kan man s\u00f8ke om pleiepenger.<\/td><\/tr><tr><td class=\"has-text-align-left\" data-align=\"left\">&nbsp; Oppl\u00e6ringspenger<\/td><td class=\"has-text-align-left\" data-align=\"left\">&nbsp; S\u00e5 lenge ungdommen bor hjemme uavhengig av alder. Vanskelig \u00e5 f\u00e5 gjennomslag for n\u00e5r de har flyttet hjemmefra, men man kan s\u00f8ke. &nbsp; &nbsp;<\/td><\/tr><tr><td class=\"has-text-align-left\" data-align=\"left\">&nbsp; Hjelpemidler<\/td><td class=\"has-text-align-left\" data-align=\"left\">Kan beholdes og s\u00f8ke om nye etter fylte 18 \u00e5r. v\/ 26 \u00e5r skjer det noen endringer i reglene for noen typer ved noen hjelpemidler \u2013 de for trening, stimulering og aktivitsering. &nbsp;<\/td><\/tr><tr><td class=\"has-text-align-left\" data-align=\"left\">&nbsp; Bil<\/td><td class=\"has-text-align-left\" data-align=\"left\">Bil kan s\u00f8kes om for reise til utdanning og arbeid. &nbsp;<\/td><\/tr><tr><td class=\"has-text-align-left\" data-align=\"left\">&nbsp; Bil, gruppe 2<\/td><td class=\"has-text-align-left\" data-align=\"left\">Etter fylte 18 \u00e5r legges ungdommens egen inntekt til grunn. Ungdommer i bofellesskap de kan s\u00f8ke om bil n\u00e5r de flytterfor seg selv.<\/td><\/tr><tr><td class=\"has-text-align-left\" data-align=\"left\">&nbsp; AAP arbeidsavklaringspenger<\/td><td class=\"has-text-align-left\" data-align=\"left\">Kan s\u00f8kes om n\u00e5r ungdommen fyller 19 \u00e5r. Arbeidsrettete tiltak, medisinsk behandling<\/td><\/tr><tr><td class=\"has-text-align-left\" data-align=\"left\">&nbsp; Uf\u00f8retrygd<\/td><td class=\"has-text-align-left\" data-align=\"left\">Kan s\u00f8kes om fra ungdommen fyller 18 \u00e5r. Ung uf\u00f8r kan s\u00f8kes om fra fylte 20 \u00e5r.<\/td><\/tr><tr><td class=\"has-text-align-left\" data-align=\"left\">&nbsp; Overgangsst\u00f8nad for enslige<\/td><td class=\"has-text-align-left\" data-align=\"left\">&nbsp; opph\u00f8rer<\/td><\/tr><tr><td class=\"has-text-align-left\" data-align=\"left\">&nbsp;<\/td><td class=\"has-text-align-left\" data-align=\"left\">&nbsp; &nbsp;<\/td><\/tr><tr><td class=\"has-text-align-left\" data-align=\"left\"><strong>HELFO<\/strong><\/td><td class=\"has-text-align-left\" data-align=\"left\">&nbsp; &nbsp;<\/td><\/tr><tr><td class=\"has-text-align-left\" data-align=\"left\">&nbsp; Egenandel lege<\/td><td class=\"has-text-align-left\" data-align=\"left\">Alle over 16 \u00e5r betaler egenandel Ung og psykolog \u2013 betaler ikke for psykolog&nbsp; opp til 18 \u00e5r.<\/td><\/tr><tr><td class=\"has-text-align-left\" data-align=\"left\">&nbsp; Fysioterapi<\/td><td class=\"has-text-align-left\" data-align=\"left\">Fra fylte 16 \u00e5r m\u00e5 egenandel betales opp til egenandelstak 2 &nbsp; &nbsp;<\/td><\/tr><tr><td class=\"has-text-align-left\" data-align=\"left\">&nbsp; Tannbehandling<\/td><td class=\"has-text-align-left\" data-align=\"left\">For sjeldne diagnoser er det egne regler knyttet til tannbehandling ved sykdom. Eget regelverk og rundskriv.&nbsp; Mulig \u00e5 f\u00e5 dekket behandling<\/td><\/tr><tr><td class=\"has-text-align-left\" data-align=\"left\">Ridefysioterapi<\/td><td class=\"has-text-align-left\" data-align=\"left\">Kan opprettholdes etter 18 \u00e5r<\/td><\/tr><tr><td class=\"has-text-align-left\" data-align=\"left\">&nbsp;<\/td><td class=\"has-text-align-left\" data-align=\"left\">&nbsp;<\/td><\/tr><tr><td class=\"has-text-align-left\" data-align=\"left\"><strong>PASIENTREISER<\/strong><\/td><td class=\"has-text-align-left\" data-align=\"left\">Reiseutgifter til helsetjenester for person med diagnose, alle over 16 \u00e5r m\u00e5 betale egenandel. Foreldreordningen reiser gratis fram til 18 \u00e5r. Etter 18 \u00e5r kan ledsager reise gratis. &nbsp;<\/td><\/tr><tr><td class=\"has-text-align-left\" data-align=\"left\">Reiseutgifter til brukerkurs osv p\u00e5 Frambu<\/td><td class=\"has-text-align-left\" data-align=\"left\">Opprettholdes s\u00e5 lenge ungdommen bor i foreldrehjemmet<\/td><\/tr><tr><td class=\"has-text-align-left\" data-align=\"left\">&nbsp;<\/td><td class=\"has-text-align-left\" data-align=\"left\">&nbsp;<\/td><\/tr><tr><td class=\"has-text-align-left\" data-align=\"left\"><strong>KOMMUNEN<\/strong> <strong>&nbsp;<\/strong><\/td><td class=\"has-text-align-left\" data-align=\"left\">&nbsp;<\/td><\/tr><tr><td class=\"has-text-align-left\" data-align=\"left\">&nbsp; IP og koordinater &nbsp;<\/td><td class=\"has-text-align-left\" data-align=\"left\">Kan fortsette. &nbsp;<\/td><\/tr><tr><td class=\"has-text-align-left\" data-align=\"left\">Ansvarsgruppe &nbsp;<\/td><td class=\"has-text-align-left\" data-align=\"left\">Sammensetningen endres noe i forhold til behov i livet.<\/td><\/tr><tr><td class=\"has-text-align-left\" data-align=\"left\">&nbsp; Personlig assistanse, praktisk bistand og st\u00f8ttekontakt\/ st\u00f8ttekontakt<\/td><td class=\"has-text-align-left\" data-align=\"left\">&nbsp; Tjenester som opprettholdes. &nbsp;<\/td><\/tr><tr><td class=\"has-text-align-left\" data-align=\"left\">&nbsp; Avlastning &nbsp;<\/td><td class=\"has-text-align-left\" data-align=\"left\">Kan opprettholdes s\u00e5 lenge ungdommen bor i foreldrehjemmet<\/td><\/tr><tr><td class=\"has-text-align-left\" data-align=\"left\">&nbsp; Omsorgsst\u00f8nad<\/td><td class=\"has-text-align-left\" data-align=\"left\">Kan opprettholdes, -kan v\u00e6re aktuelt siden forh\u00f8yet hjelpest\u00f8nad opph\u00f8rer. Kan v\u00e6re lurt \u00e5 s\u00f8ke om flere timer. Ogs\u00e5 s\u00f8ke om hvis man f\u00f8lger opp en ungdom som har flyttet for seg selv, m\u00e5 v\u00e6re et visst timeantall<\/td><\/tr><tr><td class=\"has-text-align-left\" data-align=\"left\">&nbsp; BPA<\/td><td class=\"has-text-align-left\" data-align=\"left\">V beregning av antall timer, avlastning kan ikke inng\u00e5 i timegrunnlaget for hjemmeboende ungdom over 18 \u00e5r da det er et kommunalt ansvar. &nbsp;<\/td><\/tr><tr><td class=\"has-text-align-left\" data-align=\"left\">&nbsp; Dagtilbud\/ dagaktivitet<\/td><td class=\"has-text-align-left\" data-align=\"left\">Ikke lovp\u00e5lagt tjeneste, kan s\u00f8ke om dette etter vgs. Flere kommuner har forskjellige tilbud &nbsp; &nbsp;<\/td><\/tr><tr><td class=\"has-text-align-left\" data-align=\"left\">&nbsp; St\u00f8nad til livsopphold<\/td><td class=\"has-text-align-left\" data-align=\"left\">Ungdom over 18 \u00e5r kan s\u00f8ke. Behovspr\u00f8ving ut fra livsopphold og inntekt. &nbsp;<\/td><\/tr><tr><td class=\"has-text-align-left\" data-align=\"left\">&nbsp; &nbsp; &nbsp;<\/td><td class=\"has-text-align-left\" data-align=\"left\">&nbsp; &nbsp;<\/td><\/tr><tr><td class=\"has-text-align-left\" data-align=\"left\"><strong>HUSBANKEN<\/strong><\/td><td class=\"has-text-align-left\" data-align=\"left\">&nbsp;<\/td><\/tr><tr><td class=\"has-text-align-left\" data-align=\"left\">Tilskudd og l\u00e5n<\/td><td class=\"has-text-align-left\" data-align=\"left\">I forbindelse med flytting, s\u00f8kes ut fra personens inntekt<\/td><\/tr><tr><td class=\"has-text-align-left\" data-align=\"left\">Bost\u00f8tte<\/td><td class=\"has-text-align-left\" data-align=\"left\">S\u00f8kes ut fra personens personens inntekt Etter fylte 20 \u00e5r egne regler for de som f\u00e5r ung uf\u00f8r.<\/td><\/tr><tr><td class=\"has-text-align-left\" data-align=\"left\">&nbsp;<\/td><td class=\"has-text-align-left\" data-align=\"left\">&nbsp;<\/td><\/tr><tr><td class=\"has-text-align-left\" data-align=\"left\"><strong>SPESIALISTHELSETJENESTEN<\/strong><\/td><td class=\"has-text-align-left\" data-align=\"left\">&nbsp;<\/td><\/tr><tr><td class=\"has-text-align-left\" data-align=\"left\">barnehablilitering<\/td><td class=\"has-text-align-left\" data-align=\"left\">Overgang til voksenhablitering skjer mellom 16 og 18 \u00e5r.<\/td><\/tr><tr><td class=\"has-text-align-left\" data-align=\"left\">voksenhablitering<\/td><td class=\"has-text-align-left\" data-align=\"left\">M\u00e5 ha henvisning fra fastlege til voksenhablitering<\/td><\/tr><tr><td class=\"has-text-align-left\" data-align=\"left\">Sykehus<\/td><td class=\"has-text-align-left\" data-align=\"left\">Behandling skjer p\u00e5 avdelinger for voksen. Ikke samme mulighet til \u00e5 ha voksne\/ foreldre hos seg.<\/td><\/tr><tr><td class=\"has-text-align-left\" data-align=\"left\">&nbsp;<\/td><td class=\"has-text-align-left\" data-align=\"left\">&nbsp;<\/td><\/tr><tr><td class=\"has-text-align-left\" data-align=\"left\"><strong>ANNET<\/strong><\/td><td class=\"has-text-align-left\" data-align=\"left\">&nbsp;<\/td><\/tr><tr><td class=\"has-text-align-left\" data-align=\"left\">Parkeringstillatelse<\/td><td class=\"has-text-align-left\" data-align=\"left\">Opprettholdes<\/td><\/tr><tr><td class=\"has-text-align-left\" data-align=\"left\">Transporttjeneste<\/td><td class=\"has-text-align-left\" data-align=\"left\">Opprettholdes<\/td><\/tr><tr><td class=\"has-text-align-left\" data-align=\"left\">Ledsager<\/td><td class=\"has-text-align-left\" data-align=\"left\">Opprettholdes<\/td><\/tr><tr><td class=\"has-text-align-left\" data-align=\"left\">&nbsp;<\/td><td class=\"has-text-align-left\" data-align=\"left\">&nbsp;<\/td><\/tr><tr><td class=\"has-text-align-left\" data-align=\"left\">&nbsp;<\/td><td class=\"has-text-align-left\" data-align=\"left\">&nbsp;<\/td><\/tr><tr><td class=\"has-text-align-left\" data-align=\"left\">Omsorg for \u00absykt barn\u00bb, for foresatte. &nbsp;&nbsp;<\/td><td class=\"has-text-align-left\" data-align=\"left\">Arbeidstakere som gir n\u00f8dvendig omsorg til barn over 18 \u00e5r, har rett itl 10 dager ul\u00f8nnet permisjon n\u00e5r de har hatt omsorg for barnet f\u00f8r det fylte 18 \u00e5r.&nbsp;&nbsp;&nbsp;&nbsp; &nbsp;( arbeidsmilj\u00f8loven) Enkelte arbeidsplasser kan ha velferdspermisjonsordninger med l\u00f8nn<\/td><\/tr><tr><td class=\"has-text-align-left\" data-align=\"left\">Verge<\/td><td class=\"has-text-align-left\" data-align=\"left\">For \u00e5 hjelpe til \u00e5 ivare ta sine egne interesser, ytelser og \u00f8konomisk.<\/td><\/tr><\/tbody><\/table><\/figure>\n","protected":false},"excerpt":{"rendered":"<p>Tjeneste Ytelse etter fylte 18 \u00e5r &nbsp; NAV &nbsp; &nbsp; Grunnst\u00f8nad Kan opprettholdes etter 18 \u00e5r, b\u00e5de hvis ungdommen bor i foreldrehjemmet eller i eget hjem. &nbsp; Hjelpest\u00f8nad &nbsp; Sats 1 kan opprettholdes hvis personen mottar privat omsorg f.eks. i foreldrehjemmet. Kan s\u00f8ke om \u00e5 opprettholde sats 1 hvis den private omsorgen er vesentlig og [&hellip;]<\/p>\n","protected":false},"author":1,"featured_media":308,"comment_status":"closed","ping_status":"closed","sticky":false,"template":"","format":"standard","meta":{"_jetpack_memberships_contains_paid_content":false,"footnotes":""},"categories":[37],"tags":[],"class_list":{"0":"post-576","1":"post","2":"type-post","3":"status-publish","4":"format-standard","5":"has-post-thumbnail","7":"category-informasjon","8":"czr-hentry"},"aioseo_notices":[],"jetpack_featured_media_url":"https:\/\/frax.no\/site\/wp-content\/uploads\/inbound4462192370756595622-scaled.jpg","jetpack_sharing_enabled":true,"_links":{"self":[{"href":"https:\/\/frax.no\/site\/index.php?rest_route=\/wp\/v2\/posts\/576","targetHints":{"allow":["GET"]}}],"collection":[{"href":"https:\/\/frax.no\/site\/index.php?rest_route=\/wp\/v2\/posts"}],"about":[{"href":"https:\/\/frax.no\/site\/index.php?rest_route=\/wp\/v2\/types\/post"}],"author":[{"embeddable":true,"href":"https:\/\/frax.no\/site\/index.php?rest_route=\/wp\/v2\/users\/1"}],"replies":[{"embeddable":true,"href":"https:\/\/frax.no\/site\/index.php?rest_route=%2Fwp%2Fv2%2Fcomments&post=576"}],"version-history":[{"count":4,"href":"https:\/\/frax.no\/site\/index.php?rest_route=\/wp\/v2\/posts\/576\/revisions"}],"predecessor-version":[{"id":583,"href":"https:\/\/frax.no\/site\/index.php?rest_route=\/wp\/v2\/posts\/576\/revisions\/583"}],"wp:featuredmedia":[{"embeddable":true,"href":"https:\/\/frax.no\/site\/index.php?rest_route=\/wp\/v2\/media\/308"}],"wp:attachment":[{"href":"https:\/\/frax.no\/site\/index.php?rest_route=%2Fwp%2Fv2%2Fmedia&parent=576"}],"wp:term":[{"taxonomy":"category","embeddable":true,"href":"https:\/\/frax.no\/site\/index.php?rest_route=%2Fwp%2Fv2%2Fcategories&post=576"},{"taxonomy":"post_tag","embeddable":true,"href":"https:\/\/frax.no\/site\/index.php?rest_route=%2Fwp%2Fv2%2Ftags&post=576"}],"curies":[{"name":"wp","href":"https:\/\/api.w.org\/{rel}","templated":true}]}}